{"id":1358,"date":"2020-10-12T10:00:00","date_gmt":"2020-10-12T08:00:00","guid":{"rendered":"https:\/\/deg-eiskunstlauf-ev.de\/cms\/?p=1358"},"modified":"2020-10-13T19:10:51","modified_gmt":"2020-10-13T17:10:51","slug":"eiskunstlaufkurse-herbstferien","status":"publish","type":"post","link":"https:\/\/deg-eiskunstlauf-ev.de\/cms\/eiskunstlaufkurse-herbstferien\/","title":{"rendered":"EISKUNSTLAUFKURSE\/HERBSTFERIEN"},"content":{"rendered":"<p>[et_pb_section fb_built=&#8220;1&#8243; _builder_version=&#8220;3.22&#8243;][et_pb_row _builder_version=&#8220;3.25&#8243; background_size=&#8220;initial&#8220; background_position=&#8220;top_left&#8220; background_repeat=&#8220;repeat&#8220;][et_pb_column type=&#8220;4_4&#8243; _builder_version=&#8220;3.25&#8243; custom_padding=&#8220;|||&#8220; custom_padding__hover=&#8220;|||&#8220;][et_pb_text _builder_version=&#8220;4.6.5&#8243; background_size=&#8220;initial&#8220; background_position=&#8220;top_left&#8220; background_repeat=&#8220;repeat&#8220; hover_enabled=&#8220;0&#8243; sticky_enabled=&#8220;0&#8243;]<\/p>\n<p><!-- divi:paragraph -->Wir haben von der st\u00e4dtischen Stadionleitung die M\u00f6glichkeit erhalten, in den Herbstferien Kurse durchzuf\u00fchren.<\/p>\n<div class=\"page\" title=\"Page 1\">\n<div class=\"section\">\n<div class=\"layoutArea\">\n<div class=\"column\">\n<p><span>Wir ko\u0308nnen in beiden Wochen jeweils Dienstag bis Freitag am Vormittag von 11-13 Uhr auf die Bahn. Hierzu ist fu\u0308r den Eintritt in den O\u0308ffentlichen Lauf bitte die normale Eintrittskarte zu lo\u0308sen.<\/span><\/p>\n<p><strong>1. Ferienwoche<\/strong><\/p>\n<\/div>\n<\/div>\n<\/div>\n<\/div>\n<p><!-- \/divi:paragraph --> <!-- divi:paragraph -->Dienstag, 13.10.2020 bis Freitag, 16.10.2020 |\u00a0jeweils 11-12 Uhr<br \/> Anf\u00e4nger\u00a0<strong>bis\u00a0<\/strong>10 Jahre<\/p>\n<p><!-- \/divi:paragraph --> <!-- divi:paragraph -->Dienstag, 13.10.2020 bis Freitag, 16.10.2020 | jeweils 12-13 Uhr<br \/> Anf\u00e4nger ab 10 Jahre<\/p>\n<p><!-- \/divi:paragraph --> <!-- divi:paragraph --><strong>2. Ferienwoche<\/strong><\/p>\n<p><!-- \/divi:paragraph --> <!-- divi:paragraph -->Dienstag, 20.10.2020 bis Freitag, 23.10.2020 | jeweils 11-12 Uhr<br \/> L\u00e4ufer_innen mit Vorkenntnissen\u00a0<strong>bis\u00a0<\/strong>10 Jahre<\/p>\n<p><!-- \/divi:paragraph --> <!-- divi:paragraph -->Dienstag, 20.10.2020 bis Freitag, 23.10.2020 |\u00a0jeweils 11-12 Uhr<br \/> L\u00e4ufer_innen mit Vorkenntnissen <strong>ab<\/strong> 10 Jahre<\/p>\n<p><!-- \/divi:paragraph --> <!-- divi:paragraph -->Alle weiteren Information zur Kursgeb\u00fchr und Anmeldung finden Sie im Dokument \u201e<strong>Eiskunstlaufkurse in den Herbstferien Oktober 2020<\/strong>\u201c im Bereich <span style=\"text-decoration: underline;\"><a href=\"https:\/\/deg-eiskunstlauf-ev.de\/cms\/downloads\/\" data-type=\"page\" data-id=\"357\" style=\"font-weight: bold; text-decoration: underline;\">DOWNLOADS<\/a><\/span>.<\/p>\n<p><!-- \/divi:paragraph --> <!-- divi:paragraph --> <!-- \/divi:paragraph --><\/p>\n<p>[\/et_pb_text][\/et_pb_column][\/et_pb_row][et_pb_row _builder_version=&#8220;4.6.5&#8243; _module_preset=&#8220;default&#8220;][et_pb_column type=&#8220;4_4&#8243; _builder_version=&#8220;4.6.5&#8243; _module_preset=&#8220;default&#8220;][et_pb_button button_url=&#8220;@ET-DC@eyJkeW5hbWljIjp0cnVlLCJjb250ZW50IjoicG9zdF9saW5rX3VybF9wYWdlIiwic2V0dGluZ3MiOnsicG9zdF9pZCI6IjQ5MyJ9fQ==@&#8220; button_text=&#8220;Zur\u00fcck zur \u00dcbersicht&#8220; _builder_version=&#8220;4.6.5&#8243; _dynamic_attributes=&#8220;button_url&#8220; _module_preset=&#8220;default&#8220; custom_button=&#8220;on&#8220; button_icon=&#8220;%%2%%&#8220; button_icon_placement=&#8220;left&#8220; global_module=&#8220;1386&#8243;][\/et_pb_button][\/et_pb_column][\/et_pb_row][\/et_pb_section]<\/p>\n","protected":false},"excerpt":{"rendered":"<p>Wir haben von der st\u00e4dtischen Stadionleitung die M\u00f6glichkeit erhalten, in den Herbstferien Kurse durchzuf\u00fchren \u2026<\/p>\n","protected":false},"author":1,"featured_media":0,"comment_status":"open","ping_status":"open","sticky":false,"template":"","format":"standard","meta":{"_et_pb_use_builder":"on","_et_pb_old_content":"<!-- wp:paragraph -->\n<p>Wir haben von der st\u00e4dtischen Stadionleitung die M\u00f6glichkeit erhalten, in den Herbstferien Kurse durchzuf\u00fchren.<\/p>\n<!-- \/wp:paragraph -->\n\n<!-- wp:paragraph -->\n<p><strong>1. Ferienwoche<\/strong><\/p>\n<!-- \/wp:paragraph -->\n\n<!-- wp:paragraph -->\n<p>Dienstag, 13.10.2020 bis Freitag, 16.10.2020 |\u00a0jeweils 11-12 Uhr<br>Anf\u00e4nger\u00a0<strong>bis\u00a0<\/strong>10 Jahre<\/p>\n<!-- \/wp:paragraph -->\n\n<!-- wp:paragraph -->\n<p>Dienstag, 13.10.2020 bis Freitag, 16.10.2020 | jeweils 12-13 Uhr<br>Anf\u00e4nger ab 10 Jahre<\/p>\n<!-- \/wp:paragraph -->\n\n<!-- wp:paragraph -->\n<p><strong>2. Ferienwoche<\/strong><\/p>\n<!-- \/wp:paragraph -->\n\n<!-- wp:paragraph -->\n<p>Dienstag, 20.10.2020 bis Freitag, 23.10.2020 | jeweils 11-12 Uhr<br>L\u00e4ufer_innen mit Vorkenntnissen\u00a0<strong>bis\u00a0<\/strong>10 Jahre<\/p>\n<!-- \/wp:paragraph -->\n\n<!-- wp:paragraph -->\n<p>Dienstag, 20.10.2020 bis Freitag, 23.10.2020 |\u00a0jeweils 12-13 Uhr<br>L\u00e4ufer_innen mit Vorkenntnissen <strong>ab<\/strong> 10 Jahre<br><\/p>\n<!-- \/wp:paragraph -->\n\n<!-- wp:paragraph -->\n<p>Alle weiteren Information finden Sie in \u201e<strong>Eiskunstlaufkurse in den Herbstferien Oktober 2020<\/strong>\u201c im Bereich <a href=\"https:\/\/deg-eiskunstlauf-ev.de\/cms\/downloads\/\" data-type=\"page\" data-id=\"357\">DOWNLOADS<\/a>.<\/p>\n<!-- \/wp:paragraph -->\n\n<!-- wp:paragraph -->\n<p><\/p>\n<!-- \/wp:paragraph -->","_et_gb_content_width":"","footnotes":""},"categories":[82,83],"tags":[],"yoast_head":"<!-- This site is optimized with the Yoast SEO plugin v22.4 - https:\/\/yoast.com\/wordpress\/plugins\/seo\/ -->\n<title>EISKUNSTLAUFKURSE\/HERBSTFERIEN - DEG Eiskunstlauf e. V.<\/title>\n<meta name=\"robots\" content=\"index, follow, max-snippet:-1, max-image-preview:large, max-video-preview:-1\" \/>\n<link rel=\"canonical\" href=\"https:\/\/deg-eiskunstlauf-ev.de\/cms\/eiskunstlaufkurse-herbstferien\/\" \/>\n<meta property=\"og:locale\" content=\"de_DE\" \/>\n<meta property=\"og:type\" content=\"article\" \/>\n<meta property=\"og:title\" content=\"EISKUNSTLAUFKURSE\/HERBSTFERIEN - DEG Eiskunstlauf e. V.\" \/>\n<meta property=\"og:description\" content=\"Wir haben von der st\u00e4dtischen Stadionleitung die M\u00f6glichkeit erhalten, in den Herbstferien Kurse durchzuf\u00fchren \u2026\" \/>\n<meta property=\"og:url\" content=\"https:\/\/deg-eiskunstlauf-ev.de\/cms\/eiskunstlaufkurse-herbstferien\/\" \/>\n<meta property=\"og:site_name\" content=\"DEG Eiskunstlauf e. V.\" \/>\n<meta property=\"article:published_time\" content=\"2020-10-12T08:00:00+00:00\" \/>\n<meta property=\"article:modified_time\" content=\"2020-10-13T17:10:51+00:00\" \/>\n<meta name=\"author\" content=\"Anne\" \/>\n<meta name=\"twitter:card\" content=\"summary_large_image\" \/>\n<meta name=\"twitter:label1\" content=\"Verfasst von\" \/>\n\t<meta name=\"twitter:data1\" content=\"Anne\" \/>\n\t<meta name=\"twitter:label2\" content=\"Gesch\u00e4tzte Lesezeit\" \/>\n\t<meta name=\"twitter:data2\" content=\"1\u00a0Minute\" \/>\n<script type=\"application\/ld+json\" class=\"yoast-schema-graph\">{\"@context\":\"https:\/\/schema.org\",\"@graph\":[{\"@type\":\"WebPage\",\"@id\":\"https:\/\/deg-eiskunstlauf-ev.de\/cms\/eiskunstlaufkurse-herbstferien\/\",\"url\":\"https:\/\/deg-eiskunstlauf-ev.de\/cms\/eiskunstlaufkurse-herbstferien\/\",\"name\":\"EISKUNSTLAUFKURSE\/HERBSTFERIEN - DEG Eiskunstlauf e. V.\",\"isPartOf\":{\"@id\":\"https:\/\/deg-eiskunstlauf-ev.de\/cms\/#website\"},\"datePublished\":\"2020-10-12T08:00:00+00:00\",\"dateModified\":\"2020-10-13T17:10:51+00:00\",\"author\":{\"@id\":\"https:\/\/deg-eiskunstlauf-ev.de\/cms\/#\/schema\/person\/9a055e0302aa301b250e3443367c2f83\"},\"breadcrumb\":{\"@id\":\"https:\/\/deg-eiskunstlauf-ev.de\/cms\/eiskunstlaufkurse-herbstferien\/#breadcrumb\"},\"inLanguage\":\"de\",\"potentialAction\":[{\"@type\":\"ReadAction\",\"target\":[\"https:\/\/deg-eiskunstlauf-ev.de\/cms\/eiskunstlaufkurse-herbstferien\/\"]}]},{\"@type\":\"BreadcrumbList\",\"@id\":\"https:\/\/deg-eiskunstlauf-ev.de\/cms\/eiskunstlaufkurse-herbstferien\/#breadcrumb\",\"itemListElement\":[{\"@type\":\"ListItem\",\"position\":1,\"name\":\"Startseite\",\"item\":\"https:\/\/deg-eiskunstlauf-ev.de\/cms\/\"},{\"@type\":\"ListItem\",\"position\":2,\"name\":\"EISKUNSTLAUFKURSE\/HERBSTFERIEN\"}]},{\"@type\":\"WebSite\",\"@id\":\"https:\/\/deg-eiskunstlauf-ev.de\/cms\/#website\",\"url\":\"https:\/\/deg-eiskunstlauf-ev.de\/cms\/\",\"name\":\"DEG Eiskunstlauf e. V.\",\"description\":\"\",\"potentialAction\":[{\"@type\":\"SearchAction\",\"target\":{\"@type\":\"EntryPoint\",\"urlTemplate\":\"https:\/\/deg-eiskunstlauf-ev.de\/cms\/?s={search_term_string}\"},\"query-input\":\"required name=search_term_string\"}],\"inLanguage\":\"de\"},{\"@type\":\"Person\",\"@id\":\"https:\/\/deg-eiskunstlauf-ev.de\/cms\/#\/schema\/person\/9a055e0302aa301b250e3443367c2f83\",\"name\":\"Anne\",\"sameAs\":[\"https:\/\/deg-eiskunstlauf-ev.de\/cms\"],\"url\":\"https:\/\/deg-eiskunstlauf-ev.de\/cms\/author\/anne\/\"}]}<\/script>\n<!-- \/ Yoast SEO plugin. -->","yoast_head_json":{"title":"EISKUNSTLAUFKURSE\/HERBSTFERIEN - DEG Eiskunstlauf e. V.","robots":{"index":"index","follow":"follow","max-snippet":"max-snippet:-1","max-image-preview":"max-image-preview:large","max-video-preview":"max-video-preview:-1"},"canonical":"https:\/\/deg-eiskunstlauf-ev.de\/cms\/eiskunstlaufkurse-herbstferien\/","og_locale":"de_DE","og_type":"article","og_title":"EISKUNSTLAUFKURSE\/HERBSTFERIEN - DEG Eiskunstlauf e. V.","og_description":"Wir haben von der st\u00e4dtischen Stadionleitung die M\u00f6glichkeit erhalten, in den Herbstferien Kurse durchzuf\u00fchren \u2026","og_url":"https:\/\/deg-eiskunstlauf-ev.de\/cms\/eiskunstlaufkurse-herbstferien\/","og_site_name":"DEG Eiskunstlauf e. V.","article_published_time":"2020-10-12T08:00:00+00:00","article_modified_time":"2020-10-13T17:10:51+00:00","author":"Anne","twitter_card":"summary_large_image","twitter_misc":{"Verfasst von":"Anne","Gesch\u00e4tzte Lesezeit":"1\u00a0Minute"},"schema":{"@context":"https:\/\/schema.org","@graph":[{"@type":"WebPage","@id":"https:\/\/deg-eiskunstlauf-ev.de\/cms\/eiskunstlaufkurse-herbstferien\/","url":"https:\/\/deg-eiskunstlauf-ev.de\/cms\/eiskunstlaufkurse-herbstferien\/","name":"EISKUNSTLAUFKURSE\/HERBSTFERIEN - DEG Eiskunstlauf e. V.","isPartOf":{"@id":"https:\/\/deg-eiskunstlauf-ev.de\/cms\/#website"},"datePublished":"2020-10-12T08:00:00+00:00","dateModified":"2020-10-13T17:10:51+00:00","author":{"@id":"https:\/\/deg-eiskunstlauf-ev.de\/cms\/#\/schema\/person\/9a055e0302aa301b250e3443367c2f83"},"breadcrumb":{"@id":"https:\/\/deg-eiskunstlauf-ev.de\/cms\/eiskunstlaufkurse-herbstferien\/#breadcrumb"},"inLanguage":"de","potentialAction":[{"@type":"ReadAction","target":["https:\/\/deg-eiskunstlauf-ev.de\/cms\/eiskunstlaufkurse-herbstferien\/"]}]},{"@type":"BreadcrumbList","@id":"https:\/\/deg-eiskunstlauf-ev.de\/cms\/eiskunstlaufkurse-herbstferien\/#breadcrumb","itemListElement":[{"@type":"ListItem","position":1,"name":"Startseite","item":"https:\/\/deg-eiskunstlauf-ev.de\/cms\/"},{"@type":"ListItem","position":2,"name":"EISKUNSTLAUFKURSE\/HERBSTFERIEN"}]},{"@type":"WebSite","@id":"https:\/\/deg-eiskunstlauf-ev.de\/cms\/#website","url":"https:\/\/deg-eiskunstlauf-ev.de\/cms\/","name":"DEG Eiskunstlauf e. V.","description":"","potentialAction":[{"@type":"SearchAction","target":{"@type":"EntryPoint","urlTemplate":"https:\/\/deg-eiskunstlauf-ev.de\/cms\/?s={search_term_string}"},"query-input":"required name=search_term_string"}],"inLanguage":"de"},{"@type":"Person","@id":"https:\/\/deg-eiskunstlauf-ev.de\/cms\/#\/schema\/person\/9a055e0302aa301b250e3443367c2f83","name":"Anne","sameAs":["https:\/\/deg-eiskunstlauf-ev.de\/cms"],"url":"https:\/\/deg-eiskunstlauf-ev.de\/cms\/author\/anne\/"}]}},"_links":{"self":[{"href":"https:\/\/deg-eiskunstlauf-ev.de\/cms\/wp-json\/wp\/v2\/posts\/1358"}],"collection":[{"href":"https:\/\/deg-eiskunstlauf-ev.de\/cms\/wp-json\/wp\/v2\/posts"}],"about":[{"href":"https:\/\/deg-eiskunstlauf-ev.de\/cms\/wp-json\/wp\/v2\/types\/post"}],"author":[{"embeddable":true,"href":"https:\/\/deg-eiskunstlauf-ev.de\/cms\/wp-json\/wp\/v2\/users\/1"}],"replies":[{"embeddable":true,"href":"https:\/\/deg-eiskunstlauf-ev.de\/cms\/wp-json\/wp\/v2\/comments?post=1358"}],"version-history":[{"count":11,"href":"https:\/\/deg-eiskunstlauf-ev.de\/cms\/wp-json\/wp\/v2\/posts\/1358\/revisions"}],"predecessor-version":[{"id":1401,"href":"https:\/\/deg-eiskunstlauf-ev.de\/cms\/wp-json\/wp\/v2\/posts\/1358\/revisions\/1401"}],"wp:attachment":[{"href":"https:\/\/deg-eiskunstlauf-ev.de\/cms\/wp-json\/wp\/v2\/media?parent=1358"}],"wp:term":[{"taxonomy":"category","embeddable":true,"href":"https:\/\/deg-eiskunstlauf-ev.de\/cms\/wp-json\/wp\/v2\/categories?post=1358"},{"taxonomy":"post_tag","embeddable":true,"href":"https:\/\/deg-eiskunstlauf-ev.de\/cms\/wp-json\/wp\/v2\/tags?post=1358"}],"curies":[{"name":"wp","href":"https:\/\/api.w.org\/{rel}","templated":true}]}}